{"id":11638,"date":"2024-06-22T07:39:00","date_gmt":"2024-06-22T07:39:00","guid":{"rendered":"https:\/\/reptbattero.com\/?post_type=news&#038;p=11638"},"modified":"2025-05-12T07:41:43","modified_gmt":"2025-05-12T07:41:43","slug":"rept-battero-shines-at-the-smarter-e-europe-2024-in-munich","status":"publish","type":"news","link":"https:\/\/www.reptbattero.com\/it\/news\/rept-battero-shines-at-the-smarter-e-europe-2024-in-munich\/","title":{"rendered":"REPT BATTERO brilla alla Smarter E Europe 2024 di Monaco di Baviera"},"content":{"rendered":"<p><a href=\"https:\/\/www.linkedin.com\/company\/reptbattero\/\"><\/a><\/p>\n\n\n\n<p>Dal 19 al 21 giugno 2024, The Smarter E Europe (TSEE) si \u00e8 svolta in grande stile presso il Centro Espositivo Internazionale di Monaco. TSEE si concentra sulle innovazioni, i modelli di business e le tendenze nel settore delle energie rinnovabili e dei veicoli elettrici. Tra i quattro temi principali della fiera, Intersolar Europe si distingue come la pi\u00f9 grande e influente fiera del fotovoltaico e dell'accumulo di energia al mondo, mentre EES Europe \u00e8 rinomata come la pi\u00f9 importante fiera internazionale nel campo dell'accumulo di energia, che riunisce aziende riconosciute a livello mondiale.<\/p>\n\n\n\n<figure class=\"wp-block-image size-large\"><img alt=\"\" fetchpriority=\"high\" decoding=\"async\" width=\"1024\" height=\"683\" src=\"https:\/\/reptbattero.com\/wp-content\/uploads\/2025\/05\/REPT-BATTERO-Shines-at-The-Smarter-E-Europe-2024-in-Munich2-1024x683.webp\" class=\"wp-image-11643\" srcset=\"https:\/\/www.reptbattero.com\/wp-content\/uploads\/2025\/05\/REPT-BATTERO-Shines-at-The-Smarter-E-Europe-2024-in-Munich2-1024x683.webp 1024w, https:\/\/www.reptbattero.com\/wp-content\/uploads\/2025\/05\/REPT-BATTERO-Shines-at-The-Smarter-E-Europe-2024-in-Munich2-300x200.webp 300w, https:\/\/www.reptbattero.com\/wp-content\/uploads\/2025\/05\/REPT-BATTERO-Shines-at-The-Smarter-E-Europe-2024-in-Munich2-768x512.webp 768w, https:\/\/www.reptbattero.com\/wp-content\/uploads\/2025\/05\/REPT-BATTERO-Shines-at-The-Smarter-E-Europe-2024-in-Munich2-600x400.webp 600w, https:\/\/www.reptbattero.com\/wp-content\/uploads\/2025\/05\/REPT-BATTERO-Shines-at-The-Smarter-E-Europe-2024-in-Munich2.webp 1488w\" sizes=\"(max-width: 1024px) 100vw, 1024px\" \/><\/figure>\n\n\n\n<p id=\"ember67\"><strong>I prodotti per batterie all'avanguardia di REPT BATTERO<\/strong><\/p>\n\n\n\n<p id=\"ember68\">I prodotti di REPT BATTERO, basati sulla tecnologia \"WENDING\", coprono una gamma completa di nuove applicazioni energetiche nei settori dell'energia e dell'accumulo di energia. Le batterie WENDING 314Ah, 320Ah e 345Ah mantengono dimensioni uniformi per soddisfare le diverse esigenze di capacit\u00e0 dei clienti, eccellendo in sicurezza, longevit\u00e0, densit\u00e0 energetica regionale e riduzione delle emissioni di carbonio. La nuova cella di accumulo di energia WENDING 587Ah, progettata per l'accumulo su larga scala, migliora ulteriormente la capacit\u00e0, vantando un'efficienza energetica di 96,5% e una lunghissima durata di oltre 12.000 cicli, con un decadimento pari a zero in cinque anni.<\/p>\n\n\n\n<figure class=\"wp-block-image size-large\"><img alt=\"\" decoding=\"async\" width=\"1024\" height=\"683\" src=\"https:\/\/reptbattero.com\/wp-content\/uploads\/2025\/05\/REPT-BATTERO-Shines-at-The-Smarter-E-Europe-2024-in-Munich3-1024x683.webp\" class=\"wp-image-11642\" srcset=\"https:\/\/www.reptbattero.com\/wp-content\/uploads\/2025\/05\/REPT-BATTERO-Shines-at-The-Smarter-E-Europe-2024-in-Munich3-1024x683.webp 1024w, https:\/\/www.reptbattero.com\/wp-content\/uploads\/2025\/05\/REPT-BATTERO-Shines-at-The-Smarter-E-Europe-2024-in-Munich3-300x200.webp 300w, https:\/\/www.reptbattero.com\/wp-content\/uploads\/2025\/05\/REPT-BATTERO-Shines-at-The-Smarter-E-Europe-2024-in-Munich3-768x512.webp 768w, https:\/\/www.reptbattero.com\/wp-content\/uploads\/2025\/05\/REPT-BATTERO-Shines-at-The-Smarter-E-Europe-2024-in-Munich3-600x400.webp 600w, https:\/\/www.reptbattero.com\/wp-content\/uploads\/2025\/05\/REPT-BATTERO-Shines-at-The-Smarter-E-Europe-2024-in-Munich3.webp 1080w\" sizes=\"(max-width: 1024px) 100vw, 1024px\" \/><\/figure>\n\n\n\n<p id=\"ember72\"><strong>Soluzioni complete che promuovono l'adozione dell'energia pulita<\/strong><\/p>\n\n\n\n<p id=\"ember73\">Con lo sviluppo delle energie rinnovabili e l'adozione diffusa di sistemi energetici distribuiti, insieme alle politiche proattive dei governi europei in materia di transizione energetica e sicurezza, negli ultimi anni l'accumulo di energia per uso domestico ha acquisito una notevole popolarit\u00e0 in Europa. La batteria al litio ferro fosfato da 50Ah di REPT BATTERO \u00e8 diventata rapidamente un prodotto mainstream per l'accumulo di energia domestica in Europa e negli Stati Uniti fin dal suo lancio. Anche altri prodotti, come le celle di accumulo energetico da 72Ah e 100P, hanno riscosso un grande successo negli scenari domestici d'oltreoceano, facendo guadagnare a REPT BATTERO il secondo posto nelle spedizioni globali di celle di accumulo energetico per uso domestico nel 2023.<\/p>\n\n\n\n<p id=\"ember74\">Oltre all'accumulo domestico, REPT BATTERO ha presentato anche una gamma completa di prodotti, dalle celle ai sistemi, per applicazioni commerciali, industriali e di accumulo di energia su larga scala. In occasione della fiera, la cabina per batterie di accumulo di energia da 5,11 MWh di REPT BATTERO ha ricevuto i certificati di certificazione UL9540, T\u00dcV Mark e cT\u00dcVus da parte di T\u00dcV Rheinland, fornendo un forte supporto per la produzione di massa e le spedizioni globali, dando nuova vitalit\u00e0 al mercato globale del nuovo accumulo di energia.<\/p>\n\n\n\n<figure class=\"wp-block-image size-large\"><img alt=\"\" decoding=\"async\" width=\"1024\" height=\"682\" src=\"https:\/\/reptbattero.com\/wp-content\/uploads\/2025\/05\/REPT-BATTERO-Shines-at-The-Smarter-E-Europe-2024-in-Munich4-1024x682.webp\" class=\"wp-image-11644\" srcset=\"https:\/\/www.reptbattero.com\/wp-content\/uploads\/2025\/05\/REPT-BATTERO-Shines-at-The-Smarter-E-Europe-2024-in-Munich4-1024x682.webp 1024w, https:\/\/www.reptbattero.com\/wp-content\/uploads\/2025\/05\/REPT-BATTERO-Shines-at-The-Smarter-E-Europe-2024-in-Munich4-300x200.webp 300w, https:\/\/www.reptbattero.com\/wp-content\/uploads\/2025\/05\/REPT-BATTERO-Shines-at-The-Smarter-E-Europe-2024-in-Munich4-768x511.webp 768w, https:\/\/www.reptbattero.com\/wp-content\/uploads\/2025\/05\/REPT-BATTERO-Shines-at-The-Smarter-E-Europe-2024-in-Munich4-600x400.webp 600w, https:\/\/www.reptbattero.com\/wp-content\/uploads\/2025\/05\/REPT-BATTERO-Shines-at-The-Smarter-E-Europe-2024-in-Munich4.webp 1488w\" sizes=\"(max-width: 1024px) 100vw, 1024px\" \/><\/figure>\n\n\n\n<p id=\"ember77\"><strong>Partnership strategica per accelerare l'innovazione<\/strong><\/p>\n\n\n\n<p id=\"ember78\">REPT BATTERO ha inoltre firmato ufficialmente un accordo di cooperazione strategica con T\u00dcV Rheinland durante l'evento, segnando l'inizio di una collaborazione pi\u00f9 profonda e pi\u00f9 ampia nel campo dei nuovi accumulatori di energia. Questa partnership strategica non solo convalida ulteriormente l'eccellenza di REPT BATTERO nella tecnologia e nella qualit\u00e0 dei prodotti, ma pone anche solide basi per la sua futura espansione nel mercato globale. Grazie a questa potente alleanza con T\u00dcV Rheinland, REPT BATTERO ricever\u00e0 un maggiore supporto nella certificazione dei prodotti, nel controllo di qualit\u00e0 e nello sviluppo tecnologico, accelerando l'innovazione e migliorando la competitivit\u00e0 del mercato.<\/p>\n\n\n\n<figure class=\"wp-block-image size-large\"><img alt=\"\" loading=\"lazy\" decoding=\"async\" width=\"1024\" height=\"682\" src=\"https:\/\/reptbattero.com\/wp-content\/uploads\/2025\/05\/REPT-BATTERO-Shines-at-The-Smarter-E-Europe-2024-in-Munich5-1024x682.webp\" class=\"wp-image-11641\" srcset=\"https:\/\/www.reptbattero.com\/wp-content\/uploads\/2025\/05\/REPT-BATTERO-Shines-at-The-Smarter-E-Europe-2024-in-Munich5-1024x682.webp 1024w, https:\/\/www.reptbattero.com\/wp-content\/uploads\/2025\/05\/REPT-BATTERO-Shines-at-The-Smarter-E-Europe-2024-in-Munich5-300x200.webp 300w, https:\/\/www.reptbattero.com\/wp-content\/uploads\/2025\/05\/REPT-BATTERO-Shines-at-The-Smarter-E-Europe-2024-in-Munich5-768x511.webp 768w, https:\/\/www.reptbattero.com\/wp-content\/uploads\/2025\/05\/REPT-BATTERO-Shines-at-The-Smarter-E-Europe-2024-in-Munich5-600x400.webp 600w, https:\/\/www.reptbattero.com\/wp-content\/uploads\/2025\/05\/REPT-BATTERO-Shines-at-The-Smarter-E-Europe-2024-in-Munich5.webp 1488w\" sizes=\"(max-width: 1024px) 100vw, 1024px\" \/><\/figure>\n\n\n\n<p>Grazie alla sua straordinaria forza tecnica e alle sue capacit\u00e0 di prodotto, REPT BATTERO continua a espandere la sua influenza nel settore dell'accumulo di energia a livello globale, guadagnandosi un alto riconoscimento e la fiducia del mercato. In prospettiva, REPT BATTERO continuer\u00e0 a perseguire la sua strategia di globalizzazione, collaborando con alleati globali per guidare insieme la rivoluzione dell'energia verde, stabilire canali di sviluppo dell'energia pulita in tutto il mondo e marciare verso un futuro verde.<\/p>","protected":false},"featured_media":11645,"template":"","class_list":["post-11638","news","type-news","status-publish","has-post-thumbnail"],"_links":{"self":[{"href":"https:\/\/www.reptbattero.com\/it\/wp-json\/wp\/v2\/news\/11638","targetHints":{"allow":["GET"]}}],"collection":[{"href":"https:\/\/www.reptbattero.com\/it\/wp-json\/wp\/v2\/news"}],"about":[{"href":"https:\/\/www.reptbattero.com\/it\/wp-json\/wp\/v2\/types\/news"}],"version-history":[{"count":0,"href":"https:\/\/www.reptbattero.com\/it\/wp-json\/wp\/v2\/news\/11638\/revisions"}],"wp:featuredmedia":[{"embeddable":true,"href":"https:\/\/www.reptbattero.com\/it\/wp-json\/wp\/v2\/media\/11645"}],"wp:attachment":[{"href":"https:\/\/www.reptbattero.com\/it\/wp-json\/wp\/v2\/media?parent=11638"}],"curies":[{"name":"wp","href":"https:\/\/api.w.org\/{rel}","templated":true}]}}